{"id":1489,"date":"2024-06-30T16:30:09","date_gmt":"2024-06-30T14:30:09","guid":{"rendered":"http:\/\/couven.motionandstrategy.de\/?post_type=lehrplane&#038;p=1489"},"modified":"2026-05-01T21:59:02","modified_gmt":"2026-05-01T19:59:02","slug":"lehrplaene-ansehen","status":"publish","type":"post","link":"https:\/\/www.couven-gymnasium.de\/wordpress2\/lehrplaene-ansehen\/","title":{"rendered":"Lehrpl\u00e4ne ansehen"},"content":{"rendered":"\n<h2 class=\"wp-block-heading\">Lehrpl\u00e4ne G9<\/h2>\n\n\n\n<p>Im Folgenden die schulinternen Lehrpl\u00e4ne f\u00fcr die einzelnen F\u00e4cher:<\/p>\n\n\n\n<p><\/p>\n\n\n\n<figure class=\"wp-block-table is-style-stripes\"><table class=\"has-fixed-layout\"><tbody><tr><td>Biologie\/ <em>Biology<\/em><\/td><td><a href=\"https:\/\/www.couven-gymnasium.de\/wordpress2\/wp-content\/uploads\/2024\/06\/SI-BI-G9-Juli-23.pdf\" target=\"_blank\" rel=\"noreferrer noopener\">G9-Lehrplan Biologie Klassen 5-7 (Stand Juli 2023)<\/a><\/td><\/tr><tr><td>Chemie<\/td><td><a href=\"https:\/\/www.couven-gymnasium.de\/wordpress2\/wp-content\/uploads\/2024\/06\/SI-CH-G9-Sep-21.pdf\" target=\"_blank\" rel=\"noreferrer noopener\">G9-Lehrplan Chemie SI (Stand Sept. 2021)<\/a><\/td><\/tr><tr><td>Deutsch<\/td><td><a href=\"https:\/\/www.couven-gymnasium.de\/wordpress2\/wp-content\/uploads\/2025\/09\/SI-D-G9-Sep-25.pdf\" target=\"_blank\" rel=\"noreferrer noopener\">G9-Lehrplan Deutsch SI (Stand September 2025)<\/a><br><a href=\"https:\/\/www.couven-gymnasium.de\/wordpress2\/wp-content\/uploads\/2026\/03\/Schulinterner-Lehrplan-D-SII_G9_3.26.pdf\" target=\"_blank\" rel=\"noreferrer noopener\">G9-Lehrplan Deutsch SII (Stand M\u00e4rz 2026)<\/a><\/td><\/tr><tr><td>Englisch<\/td><td><a href=\"https:\/\/www.couven-gymnasium.de\/wordpress2\/wp-content\/uploads\/2024\/06\/SI-E-G9-Okt-23.pdf\" target=\"_blank\" rel=\"noreferrer noopener\">G9-Lehrplan Englisch SI (Stand Oktober 2023)<\/a><\/td><\/tr><tr><td>Erdkunde\/ <em>Geography<\/em><\/td><td><a href=\"https:\/\/www.couven-gymnasium.de\/wordpress2\/wp-content\/uploads\/2024\/06\/SI-EK-G9-Jun-23.pdf\" target=\"_blank\" rel=\"noreferrer noopener\">G9-Lehrplan Erdkunde\/ Geography SI (Stand Juni 2023)<\/a><\/td><\/tr><tr><td>Franz\u00f6sisch<\/td><td><a href=\"https:\/\/www.couven-gymnasium.de\/wordpress2\/wp-content\/uploads\/2026\/04\/2026_04_Curriculum-Frz.-SekI_G9-ab-24-25.pdf\" target=\"_blank\" rel=\"noreferrer noopener\">G9-Lehrplan Franz\u00f6sisch SI (Stand April 2026)<\/a><br><a href=\"https:\/\/www.couven-gymnasium.de\/wordpress2\/wp-content\/uploads\/2026\/04\/2026_04_Curriculum-Frz.-SekII_G9_ab-24-25.pdf\" target=\"_blank\" rel=\"noreferrer noopener\">G9-Lehrplan Franz\u00f6sisch SII (Stand April 2026)<\/a><br><a href=\"https:\/\/www.couven-gymnasium.de\/wordpress2\/wp-content\/uploads\/2024\/06\/2024.08-Leistungskonzept-Franzoesisch.pdf\" target=\"_blank\" rel=\"noreferrer noopener\">Leistungskonzept Franz\u00f6sisch (Stand Sept. 2024)<\/a><\/td><\/tr><tr><td>Geschichte\/ <em>History<\/em><\/td><td><a href=\"https:\/\/www.couven-gymnasium.de\/wordpress2\/wp-content\/uploads\/2024\/06\/SI-GE-G9-Nov-22.pdf\" target=\"_blank\" rel=\"noreferrer noopener\">G9-Lehrplan Geschichte SI (Stand Dezember 2022)<\/a><\/td><\/tr><tr><td>Informatik<\/td><td><a href=\"https:\/\/www.couven-gymnasium.de\/wordpress2\/wp-content\/uploads\/2025\/02\/g9_wpif_silp_Couven_2024_12_16.pdf\" target=\"_blank\" rel=\"noreferrer noopener\">G9-Lehrplan WP-Fach Informatik (Stand Dezember 2024)<\/a><\/td><\/tr><tr><td>Kunst<\/td><td><a href=\"https:\/\/www.couven-gymnasium.de\/wordpress2\/wp-content\/uploads\/2024\/06\/Schulinternes-Curr.-Couven-Gymnasium-G9_Stand-10_2024.pdf\">G9-Lehrplan Kunst SI (Stand Oktober 2024)<\/a><\/td><\/tr><tr><td>Latein<\/td><td><a href=\"https:\/\/www.couven-gymnasium.de\/wordpress2\/wp-content\/uploads\/2024\/06\/SI-L-G9-Jul-22.pdf\" target=\"_blank\" rel=\"noreferrer noopener\">G9-Lehrplan Latein Klassen 5-EF (Stand August 2022)<\/a><\/td><\/tr><tr><td>Mathematik<\/td><td><a href=\"https:\/\/www.couven-gymnasium.de\/wordpress2\/wp-content\/uploads\/2024\/06\/SI-M-G9-Aug-23.pdf\" target=\"_blank\" rel=\"noreferrer noopener\">G9-Lehrplan Mathematik SI (Stand August 2023)<\/a><\/td><\/tr><tr><td>Musik<\/td><td><a href=\"https:\/\/www.couven-gymnasium.de\/wordpress2\/wp-content\/uploads\/2025\/04\/SI-MU-G9-Dez-24.pdf\" target=\"_blank\" rel=\"noreferrer noopener\">G9-Lehrplan Musik Klassen SI (Stand Dezember 2024)<\/a><\/td><\/tr><tr><td>Philosophie<\/td><td>wird erst in der Oberstufe unterrichtet<\/td><\/tr><tr><td>Physik<\/td><td><a href=\"https:\/\/www.couven-gymnasium.de\/wordpress2\/wp-content\/uploads\/2026\/03\/SI-PH-G9_2026.pdf\" target=\"_blank\" rel=\"noreferrer noopener\">G9-Lehrplan Physik SI (Stand M\u00e4rz 2026)<\/a><br><a href=\"https:\/\/www.couven-gymnasium.de\/wordpress2\/wp-content\/uploads\/2026\/03\/SII-PH-G9_2026.pdf\" target=\"_blank\" rel=\"noreferrer noopener\">G9-Lehrplan Physik SII (Stand M\u00e4rz 2026)<\/a><\/td><\/tr><tr><td>Politik\/ Wirtschaft (SekI) <br>Sozialwissenschaften (SekII)<\/td><td><a href=\"https:\/\/www.couven-gymnasium.de\/wordpress2\/wp-content\/uploads\/2024\/06\/SI-PK-G9-Jul-23.pdf\" target=\"_blank\" rel=\"noreferrer noopener\">G9-Lehrplan Wirtschaft\/Politik SI (Stand Juli 2023)<\/a><br><a href=\"https:\/\/www.couven-gymnasium.de\/wordpress2\/wp-content\/uploads\/2026\/05\/2026_04_Curricum_WPKurs_Welcome_to_Diversity.pdf\" target=\"_blank\" rel=\"noreferrer noopener\">G9-Lehrplan WP-Fach Welcome to Diversity (Stand April 2026)<\/a><br><\/td><\/tr><tr><td>Praktische Philosophie<\/td><td><a href=\"https:\/\/www.couven-gymnasium.de\/wordpress2\/wp-content\/uploads\/2024\/06\/SI-PL-G9-Aug-23.pdf\" target=\"_blank\" rel=\"noreferrer noopener\">G9-Lehrplan praktische Philosophie SI (Stand November 2023)<\/a><\/td><\/tr><tr><td>Religion, Evangelisch<\/td><td><a href=\"https:\/\/www.couven-gymnasium.de\/wordpress2\/wp-content\/uploads\/2024\/06\/SI-ER-G9-Nov-20.pdf\" target=\"_blank\" rel=\"noreferrer noopener\">G9-Lehrplan Evangelische Religion SI (Stand Januar 2021)<\/a><\/td><\/tr><tr><td>Religion, Katholisch<\/td><td><a href=\"https:\/\/www.couven-gymnasium.de\/wordpress2\/wp-content\/uploads\/2024\/06\/SI-KR-G9-Aug23.pdf\" target=\"_blank\" rel=\"noreferrer noopener\">G9-Lehrplan Katholische Religion SI (Stand August 2023)<\/a><\/td><\/tr><tr><td>Spanisch<\/td><td><a href=\"https:\/\/www.couven-gymnasium.de\/wordpress2\/wp-content\/uploads\/2025\/04\/SI-S-G9-Aug-24.pdf\" target=\"_blank\" rel=\"noreferrer noopener\">G9-Lehrplan Spanisch SI (Stand August 2024)<\/a><br><a href=\"https:\/\/www.couven-gymnasium.de\/wordpress2\/wp-content\/uploads\/2025\/02\/SII_S_G9_2025.pdf\" target=\"_blank\" rel=\"noreferrer noopener\">G9-Lehrplan Spanisch SII (Stand Februar 2025)<\/a><\/td><\/tr><tr><td>Sport<\/td><td><a href=\"https:\/\/www.couven-gymnasium.de\/wordpress2\/wp-content\/uploads\/2024\/06\/SI-SP-G9-Dez-20.pdf\" target=\"_blank\" rel=\"noreferrer noopener\">G9-Lehrplan Sport SI (Stand Dezember 2020)<\/a><\/td><\/tr><\/tbody><\/table><\/figure>\n\n\n","protected":false},"excerpt":{"rendered":"<p>Lehrpl\u00e4ne G9 Im Folgenden die schulinternen Lehrpl\u00e4ne f\u00fcr die einzelnen F\u00e4cher: Biologie\/ Biology G9-Lehrplan Biologie Klassen 5-7 (Stand Juli 2023) Chemie G9-Lehrplan Chemie SI (Stand Sept. 2021) Deutsch G9-Lehrplan Deutsch [&hellip;]<\/p>\n","protected":false},"author":3,"featured_media":885,"comment_status":"closed","ping_status":"closed","sticky":false,"template":"","format":"standard","meta":{"_acf_changed":false,"_uag_custom_page_level_css":"","footnotes":""},"categories":[1],"tags":[],"class_list":["post-1489","post","type-post","status-publish","format-standard","has-post-thumbnail","hentry","category-uncategorized"],"acf":[],"uagb_featured_image_src":{"full":["https:\/\/www.couven-gymnasium.de\/wordpress2\/wp-content\/uploads\/2024\/03\/Schulprogramm.jpg",488,324,false],"thumbnail":["https:\/\/www.couven-gymnasium.de\/wordpress2\/wp-content\/uploads\/2024\/03\/Schulprogramm-150x150.jpg",150,150,true],"medium":["https:\/\/www.couven-gymnasium.de\/wordpress2\/wp-content\/uploads\/2024\/03\/Schulprogramm-300x199.jpg",300,199,true],"medium_large":["https:\/\/www.couven-gymnasium.de\/wordpress2\/wp-content\/uploads\/2024\/03\/Schulprogramm.jpg",488,324,false],"large":["https:\/\/www.couven-gymnasium.de\/wordpress2\/wp-content\/uploads\/2024\/03\/Schulprogramm.jpg",488,324,false],"1536x1536":["https:\/\/www.couven-gymnasium.de\/wordpress2\/wp-content\/uploads\/2024\/03\/Schulprogramm.jpg",488,324,false],"2048x2048":["https:\/\/www.couven-gymnasium.de\/wordpress2\/wp-content\/uploads\/2024\/03\/Schulprogramm.jpg",488,324,false]},"uagb_author_info":{"display_name":"couvenlehrer-editor","author_link":"https:\/\/www.couven-gymnasium.de\/wordpress2\/author\/couvenlehrer-editor\/"},"uagb_comment_info":0,"uagb_excerpt":"Lehrpl\u00e4ne G9 Im Folgenden die schulinternen Lehrpl\u00e4ne f\u00fcr die einzelnen F\u00e4cher: Biologie\/ Biology G9-Lehrplan Biologie Klassen 5-7 (Stand Juli 2023) Chemie G9-Lehrplan Chemie SI (Stand Sept. 2021) Deutsch G9-Lehrplan Deutsch [&hellip;]","publishpress_future_action":{"enabled":false,"date":"2026-05-09 03:43:55","action":"change-status","newStatus":"draft","terms":[],"taxonomy":"category","extraData":[]},"publishpress_future_workflow_manual_trigger":{"enabledWorkflows":[]},"_links":{"self":[{"href":"https:\/\/www.couven-gymnasium.de\/wordpress2\/wp-json\/wp\/v2\/posts\/1489","targetHints":{"allow":["GET"]}}],"collection":[{"href":"https:\/\/www.couven-gymnasium.de\/wordpress2\/wp-json\/wp\/v2\/posts"}],"about":[{"href":"https:\/\/www.couven-gymnasium.de\/wordpress2\/wp-json\/wp\/v2\/types\/post"}],"author":[{"embeddable":true,"href":"https:\/\/www.couven-gymnasium.de\/wordpress2\/wp-json\/wp\/v2\/users\/3"}],"replies":[{"embeddable":true,"href":"https:\/\/www.couven-gymnasium.de\/wordpress2\/wp-json\/wp\/v2\/comments?post=1489"}],"version-history":[{"count":5,"href":"https:\/\/www.couven-gymnasium.de\/wordpress2\/wp-json\/wp\/v2\/posts\/1489\/revisions"}],"predecessor-version":[{"id":10117,"href":"https:\/\/www.couven-gymnasium.de\/wordpress2\/wp-json\/wp\/v2\/posts\/1489\/revisions\/10117"}],"wp:featuredmedia":[{"embeddable":true,"href":"https:\/\/www.couven-gymnasium.de\/wordpress2\/wp-json\/wp\/v2\/media\/885"}],"wp:attachment":[{"href":"https:\/\/www.couven-gymnasium.de\/wordpress2\/wp-json\/wp\/v2\/media?parent=1489"}],"wp:term":[{"taxonomy":"category","embeddable":true,"href":"https:\/\/www.couven-gymnasium.de\/wordpress2\/wp-json\/wp\/v2\/categories?post=1489"},{"taxonomy":"post_tag","embeddable":true,"href":"https:\/\/www.couven-gymnasium.de\/wordpress2\/wp-json\/wp\/v2\/tags?post=1489"}],"curies":[{"name":"wp","href":"https:\/\/api.w.org\/{rel}","templated":true}]}}