{"id":9400,"date":"2026-01-27T23:04:51","date_gmt":"2026-01-27T22:04:51","guid":{"rendered":"https:\/\/www.couven-gymnasium.de\/wordpress2\/?post_type=news&#038;p=9400"},"modified":"2026-01-27T23:05:49","modified_gmt":"2026-01-27T22:05:49","slug":"redakteurin-der-az-zu-besuch","status":"publish","type":"news","link":"https:\/\/www.couven-gymnasium.de\/wordpress2\/news\/redakteurin-der-az-zu-besuch\/","title":{"rendered":"Redakteurin der AZ zu Besuch in den Klassen 8b und 8e"},"content":{"rendered":"\n<p>Am 22.01.26 besuchte uns eine Journalistin der Aachener Zeitung, die Beauftragte der Medienstunde Rauke Xenia Bornefeld.\u00a0Sie berichtete \u00fcber Fake News und Desinformation.\u00a0Wir erfuhren, dass sich Fake News sechsmal schneller verbreiten als wahre Nachrichten.\u00a0Besonders interessant fanden wir Beispiele von mit KI generierten Deep Fakes und falsch interpretierte Fotos, die dann mit irref\u00fchrenden Kommentaren verbreitet werden.\u00a0<\/p>\n\n\n\n<p>Inzwischen gibt es t\u00e4uschend echt wirkende KI-Stimmimitationen, die auch in Schockanrufen benutzt werden.\u00a0In Kleingruppen analysierten wir ein realistisch wirkendes KI-manipuliertes Deep Fake Video \u00fcber die AfD, das kurz vor der Wahl in Umlauf gebracht wurde.\u00a0Solche Falschmeldungen sorgen f\u00fcr Verunsicherung und \u00c4ngste. Sie verringern aber auch das Vertrauen in \u00f6ffentliche Nachrichten und Presse allgemein und das ist eine Gefahr f\u00fcr die Demokratie.\u00a0Es war gut zu besprechen, wie man solche Manipulationen erkennen kann und etwas \u00fcber Faktencheck zu lernen.<\/p>\n\n\n\n<p>Au\u00dferdem haben wir Ideen gesammelt, wie wir mit belastenden Nachrichten umgehen und sie verarbeiten k\u00f6nnen &#8211; z.B. indem wir sie mit anderen besprechen oder zeitlich begrenzen, wann wir sie lesen.\u00a0<br>Am Ende machte Frau Hock auch noch ein Foto von unserer Klasse mit Frau Bornefeld.<\/p>\n\n\n\n<p>Alle 8. Klassen des Couven nahmen im Dezember 2025 an der \u201eMedienStunde\u201c der Aachener Zeitung teil. Bei diesem Projekt hatten wir f\u00fcr mehrere Wochen einen Zugang zur digitalen Ausgabe der AZ und konnten jeden Tag lesen, was in der Welt und in Aachen los war.<\/p>\n\n\n\n<p><em>Klasse 8b\u00a0<\/em><\/p>\n\n\n\n<div class=\"wp-block-uagb-image uagb-block-be56ed4f wp-block-uagb-image--layout-default wp-block-uagb-image--effect-static wp-block-uagb-image--align-none\"><figure class=\"wp-block-uagb-image__figure\"><img loading=\"lazy\" decoding=\"async\" srcset=\"https:\/\/www.couven-gymnasium.de\/wordpress2\/wp-content\/uploads\/2026\/01\/2026_Zeitungsprojekt8B.jpg ,https:\/\/www.couven-gymnasium.de\/wordpress2\/wp-content\/uploads\/2026\/01\/2026_Zeitungsprojekt8B.jpg 780w, https:\/\/www.couven-gymnasium.de\/wordpress2\/wp-content\/uploads\/2026\/01\/2026_Zeitungsprojekt8B.jpg 360w\" sizes=\"auto, (max-width: 480px) 150px\" src=\"https:\/\/www.couven-gymnasium.de\/wordpress2\/wp-content\/uploads\/2026\/01\/2026_Zeitungsprojekt8B.jpg\" alt=\"\" class=\"uag-image-9401\" width=\"800\" height=\"386\" title=\"2026_Zeitungsprojekt8B\" loading=\"lazy\" role=\"img\"\/><\/figure><\/div>\n","protected":false},"featured_media":9401,"template":"","class_list":["post-9400","news","type-news","status-publish","has-post-thumbnail","hentry"],"acf":[],"uagb_featured_image_src":{"full":["https:\/\/www.couven-gymnasium.de\/wordpress2\/wp-content\/uploads\/2026\/01\/2026_Zeitungsprojekt8B.jpg",800,386,false],"thumbnail":["https:\/\/www.couven-gymnasium.de\/wordpress2\/wp-content\/uploads\/2026\/01\/2026_Zeitungsprojekt8B-150x150.jpg",150,150,true],"medium":["https:\/\/www.couven-gymnasium.de\/wordpress2\/wp-content\/uploads\/2026\/01\/2026_Zeitungsprojekt8B-300x145.jpg",300,145,true],"medium_large":["https:\/\/www.couven-gymnasium.de\/wordpress2\/wp-content\/uploads\/2026\/01\/2026_Zeitungsprojekt8B-768x371.jpg",768,371,true],"large":["https:\/\/www.couven-gymnasium.de\/wordpress2\/wp-content\/uploads\/2026\/01\/2026_Zeitungsprojekt8B.jpg",800,386,false],"1536x1536":["https:\/\/www.couven-gymnasium.de\/wordpress2\/wp-content\/uploads\/2026\/01\/2026_Zeitungsprojekt8B.jpg",800,386,false],"2048x2048":["https:\/\/www.couven-gymnasium.de\/wordpress2\/wp-content\/uploads\/2026\/01\/2026_Zeitungsprojekt8B.jpg",800,386,false]},"uagb_author_info":{"display_name":"couvenlehrer-editor","author_link":"https:\/\/www.couven-gymnasium.de\/wordpress2\/author\/"},"uagb_comment_info":0,"uagb_excerpt":"Am 22.01.26 besuchte uns eine Journalistin der Aachener Zeitung, die Beauftragte der Medienstunde Rauke Xenia Bornefeld.\u00a0Sie berichtete \u00fcber Fake News und Desinformation.\u00a0Wir erfuhren, dass sich Fake News sechsmal schneller verbreiten [&hellip;]","publishpress_future_workflow_manual_trigger":{"enabledWorkflows":[]},"_links":{"self":[{"href":"https:\/\/www.couven-gymnasium.de\/wordpress2\/wp-json\/wp\/v2\/news\/9400","targetHints":{"allow":["GET"]}}],"collection":[{"href":"https:\/\/www.couven-gymnasium.de\/wordpress2\/wp-json\/wp\/v2\/news"}],"about":[{"href":"https:\/\/www.couven-gymnasium.de\/wordpress2\/wp-json\/wp\/v2\/types\/news"}],"wp:featuredmedia":[{"embeddable":true,"href":"https:\/\/www.couven-gymnasium.de\/wordpress2\/wp-json\/wp\/v2\/media\/9401"}],"wp:attachment":[{"href":"https:\/\/www.couven-gymnasium.de\/wordpress2\/wp-json\/wp\/v2\/media?parent=9400"}],"curies":[{"name":"wp","href":"https:\/\/api.w.org\/{rel}","templated":true}]}}