{"id":6062,"date":"2025-10-04T07:30:00","date_gmt":"2025-10-04T05:30:00","guid":{"rendered":"https:\/\/www.couven-gymnasium.de\/wordpress2\/?post_type=news&#038;p=6062"},"modified":"2026-01-27T17:29:43","modified_gmt":"2026-01-27T16:29:43","slug":"couven-gymnasium-als-digitale-schule-ausgezeichnet","status":"publish","type":"news","link":"https:\/\/www.couven-gymnasium.de\/wordpress2\/news\/couven-gymnasium-als-digitale-schule-ausgezeichnet\/","title":{"rendered":"Couven Gymnasium als \u201eDigitale Schule\u201c ausgezeichnet"},"content":{"rendered":"\n<div class=\"wp-block-columns is-layout-flex wp-container-core-columns-is-layout-28f84493 wp-block-columns-is-layout-flex\">\n<div class=\"wp-block-column is-layout-flow wp-block-column-is-layout-flow\" style=\"flex-basis:75%\">\n<p>Im Rahmen einer landesweiten Ehrungsveranstaltung im Heinz Nixdorf MuseumsForum in Paderborn wurde das Couven Gymnasium im September 2025 erstmals als <strong>\u201eDigitale Schule\u201c<\/strong> ausgezeichnet. Diese Auszeichnung w\u00fcrdigt Schulen, die sich durch eine strukturierte und nachhaltige Umsetzung digitaler Bildung hervortun \u2013 sowohl im p\u00e4dagogischen Konzept als auch in der konkreten Unterrichtspraxis.<\/p>\n\n\n\n<p>Das Signet \u201eDigitale Schule\u201c wird bundesweit vergeben und basiert auf einem umfassenden Kriterienkatalog. Bewertet werden unter anderem:<\/p>\n\n\n\n<ul class=\"wp-block-list\">\n<li>die Integration digitaler Medien in den Unterricht,<\/li>\n\n\n\n<li>die Fortbildung und Qualifizierung der Lehrkr\u00e4fte,<\/li>\n\n\n\n<li>die technische Ausstattung der Schule,<\/li>\n\n\n\n<li>die Entwicklung langfristiger Strategien im Umgang mit Digitalisierung<\/li>\n\n\n\n<li>und die Vernetzung mit externen Partnern.<\/li>\n<\/ul>\n<\/div>\n\n\n\n<div class=\"wp-block-column is-vertically-aligned-center is-layout-flow wp-block-column-is-layout-flow\" style=\"flex-basis:25%\">\n<figure class=\"wp-block-image size-full\"><img fetchpriority=\"high\" decoding=\"async\" width=\"768\" height=\"531\" src=\"https:\/\/www.couven-gymnasium.de\/wordpress2\/wp-content\/uploads\/2025\/10\/ds-logo-ehrung_25.jpg\" alt=\"\" class=\"wp-image-6049\" srcset=\"https:\/\/www.couven-gymnasium.de\/wordpress2\/wp-content\/uploads\/2025\/10\/ds-logo-ehrung_25.jpg 768w, https:\/\/www.couven-gymnasium.de\/wordpress2\/wp-content\/uploads\/2025\/10\/ds-logo-ehrung_25-300x207.jpg 300w\" sizes=\"(max-width: 768px) 100vw, 768px\" \/><\/figure>\n<\/div>\n<\/div>\n\n\n\n<div class=\"wp-block-columns is-layout-flex wp-container-core-columns-is-layout-28f84493 wp-block-columns-is-layout-flex\">\n<div class=\"wp-block-column is-layout-flow wp-block-column-is-layout-flow\" style=\"flex-basis:75%\">\n<p>Die Auszeichnung wurde durch Vertreterinnen des NRW-Schulministeriums, des Heinz Nixdorf MuseumsForums, der Universit\u00e4t Paderborn sowie von \u201eMINT Zukunft schaffen!\u201c \u00fcberreicht und ist f\u00fcr drei Jahre g\u00fcltig. Sie best\u00e4tigt die Richtung, die wir als Schule bereits seit Jahren eingeschlagen haben \u2013 nicht als Selbstzweck, sondern mit dem Ziel, unsere Sch\u00fclerinnen auf eine zunehmend digitalisierte Welt vorzubereiten.<\/p>\n\n\n\n<p>Neben der Auszeichnung als \u201eDigitale Schule\u201c wurde das Couven Gymnasium auch erneut als <strong>\u201eMINT-freundliche Schule\u201c<\/strong> geehrt. Diese zweite Auszeichnung kn\u00fcpft an fr\u00fchere Ehrungen an und w\u00fcrdigt die konsequente F\u00f6rderung der F\u00e4cher Mathematik, Informatik, Naturwissenschaften und Technik am Couven.<\/p>\n\n\n\n<p>Beide Auszeichnungen zeigen, dass das Couven Gymnasium nicht nur auf kurzfristige Trends reagiert, sondern langfristige Konzepte entwickelt, um digitale und naturwissenschaftlich-technische Bildung im Schulalltag zu verankern. Beide Auszeichnungen zeigen, dass das Couven Gymnasium nicht auf kurzfristige Entwicklungen reagiert, sondern seit Jahren auf eine nachhaltige Verankerung digitaler und naturwissenschaftlich-technischer Bildung setzt. Bereits seit 2014 ist das Couven Mitglied im nationalen Excellence-Schulnetzwerk <strong>MINT-EC<\/strong> und damit berechtigt, besonders engagierten Sch\u00fclerinnen und Sch\u00fclern das MINT-EC-Zertifikat zu verleihen \u2013 ein Nachweis, der bei sp\u00e4teren Bewerbungen im MINT-Bereich h\u00e4ufig von Vorteil sein kann.<\/p>\n<\/div>\n\n\n\n<div class=\"wp-block-column is-vertically-aligned-center is-layout-flow wp-block-column-is-layout-flow\" style=\"flex-basis:25%\">\n<figure class=\"wp-block-image size-large\"><img decoding=\"async\" width=\"1024\" height=\"512\" src=\"https:\/\/www.couven-gymnasium.de\/wordpress2\/wp-content\/uploads\/2025\/10\/mfs-logo-ehrung_25-1024x512.jpg\" alt=\"\" class=\"wp-image-6050\" srcset=\"https:\/\/www.couven-gymnasium.de\/wordpress2\/wp-content\/uploads\/2025\/10\/mfs-logo-ehrung_25-1024x512.jpg 1024w, https:\/\/www.couven-gymnasium.de\/wordpress2\/wp-content\/uploads\/2025\/10\/mfs-logo-ehrung_25-300x150.jpg 300w, https:\/\/www.couven-gymnasium.de\/wordpress2\/wp-content\/uploads\/2025\/10\/mfs-logo-ehrung_25-768x384.jpg 768w, https:\/\/www.couven-gymnasium.de\/wordpress2\/wp-content\/uploads\/2025\/10\/mfs-logo-ehrung_25.jpg 1063w\" sizes=\"(max-width: 1024px) 100vw, 1024px\" \/><\/figure>\n<\/div>\n<\/div>\n\n\n\n<figure class=\"wp-block-image aligncenter size-large\"><img decoding=\"async\" width=\"1024\" height=\"681\" src=\"https:\/\/www.couven-gymnasium.de\/wordpress2\/wp-content\/uploads\/2025\/10\/2025_Digitale-Schule_Gruppenfoto_Homepage-1024x681.jpg\" alt=\"\" class=\"wp-image-6051\" srcset=\"https:\/\/www.couven-gymnasium.de\/wordpress2\/wp-content\/uploads\/2025\/10\/2025_Digitale-Schule_Gruppenfoto_Homepage-1024x681.jpg 1024w, https:\/\/www.couven-gymnasium.de\/wordpress2\/wp-content\/uploads\/2025\/10\/2025_Digitale-Schule_Gruppenfoto_Homepage-300x200.jpg 300w, https:\/\/www.couven-gymnasium.de\/wordpress2\/wp-content\/uploads\/2025\/10\/2025_Digitale-Schule_Gruppenfoto_Homepage-768x511.jpg 768w, https:\/\/www.couven-gymnasium.de\/wordpress2\/wp-content\/uploads\/2025\/10\/2025_Digitale-Schule_Gruppenfoto_Homepage-1536x1022.jpg 1536w, https:\/\/www.couven-gymnasium.de\/wordpress2\/wp-content\/uploads\/2025\/10\/2025_Digitale-Schule_Gruppenfoto_Homepage-2048x1363.jpg 2048w\" sizes=\"(max-width: 1024px) 100vw, 1024px\" \/><figcaption class=\"wp-element-caption\"><em>\u00a9 Sergei Magel (HNF) | v.l.n.r.: Prof. Ren\u00e9 Fahr (Uni Paderborn), Johannes Schlarb (Telekom Stiftung), J\u00f6rg Iske (PTC), Nadja Bauer (TU Dresden), Staatssekret\u00e4r Dr. Urban Mauer, Simon Roth (Couven Gymnasium Aachen), Christian Fischer (MINT Zukunft), Prof. Peer Schmidt (BTU), Marius Galuschka (Christiani), Julia Weber (GI), Dr. Christian Berg (HNF).<\/em><br><\/figcaption><\/figure>\n\n\n\n<div style=\"height:50px\" aria-hidden=\"true\" class=\"wp-block-spacer\"><\/div>\n\n\n\t\t\t\t\t<div\n\t\t\t\t\t\tclass=\"wp-block-uagb-image-gallery uagb-block-84346af4     \"\n\t\t\t\t\t\tstyle=\"\"\n\t\t\t\t\t>\n\t\t\t\t\t\t\t\t\t\t\t<div class=\"spectra-image-gallery spectra-image-gallery__layout--masonry spectra-image-gallery__layout--masonry-col-2 spectra-image-gallery__layout--masonry-col-tab-3 spectra-image-gallery__layout--masonry-col-mob-2\">\n\t\t\t\t\t\t\t\t\t\t\t<div class='spectra-image-gallery__media-wrapper--isotope'>\n\t\t\t\t\t\t\t<div class='spectra-image-gallery__media-wrapper' data-spectra-gallery-image-id='6057' tabindex=\"0\">\n\t\t\t\t\t\t\t<div class=\"spectra-image-gallery__media spectra-image-gallery__media--masonry\">\n\t\t\t\t<picture>\n\t\t\t\t\t<source media=\"(min-width: 1024px)\" srcset=\"https:\/\/www.couven-gymnasium.de\/wordpress2\/wp-content\/uploads\/2025\/10\/2025_Urkunde_Digitale_Schule-724x1024.png\">\n\t\t\t\t\t<source media=\"(min-width: 768px)\" srcset=\"https:\/\/www.couven-gymnasium.de\/wordpress2\/wp-content\/uploads\/2025\/10\/2025_Urkunde_Digitale_Schule-724x1024.png\">\n\t\t\t\t\t<img decoding=\"async\" class=\"spectra-image-gallery__media-thumbnail spectra-image-gallery__media-thumbnail--masonry\" src=\"https:\/\/www.couven-gymnasium.de\/wordpress2\/wp-content\/uploads\/2025\/10\/2025_Urkunde_Digitale_Schule-212x300.png\" alt=\"\" loading=\"lazy\" \/>\n\t\t\t\t<\/picture>\n\t\t\t\t<div class=\"spectra-image-gallery__media-thumbnail-blurrer\"><\/div>\n\t\t\t\t\t\t\t\t\t\t\t<div class=\"spectra-image-gallery__media-thumbnail-caption-wrapper spectra-image-gallery__media-thumbnail-caption-wrapper--overlay\"><\/div>\n\t\t\t\t\t\t\t\t<\/div>\n\t\t\t\t\t\t<\/div>\n\t\t\t\t\t\t<\/div>\n\t\t\t\t\t\t<div class='spectra-image-gallery__media-wrapper--isotope'>\n\t\t\t\t\t\t\t<div class='spectra-image-gallery__media-wrapper' data-spectra-gallery-image-id='6058' tabindex=\"0\">\n\t\t\t\t\t\t\t<div class=\"spectra-image-gallery__media spectra-image-gallery__media--masonry\">\n\t\t\t\t<picture>\n\t\t\t\t\t<source media=\"(min-width: 1024px)\" srcset=\"https:\/\/www.couven-gymnasium.de\/wordpress2\/wp-content\/uploads\/2025\/10\/2025_Urkunde_Mintfreundliche_Schule-724x1024.png\">\n\t\t\t\t\t<source media=\"(min-width: 768px)\" srcset=\"https:\/\/www.couven-gymnasium.de\/wordpress2\/wp-content\/uploads\/2025\/10\/2025_Urkunde_Mintfreundliche_Schule-724x1024.png\">\n\t\t\t\t\t<img decoding=\"async\" class=\"spectra-image-gallery__media-thumbnail spectra-image-gallery__media-thumbnail--masonry\" src=\"https:\/\/www.couven-gymnasium.de\/wordpress2\/wp-content\/uploads\/2025\/10\/2025_Urkunde_Mintfreundliche_Schule-212x300.png\" alt=\"\" loading=\"lazy\" \/>\n\t\t\t\t<\/picture>\n\t\t\t\t<div class=\"spectra-image-gallery__media-thumbnail-blurrer\"><\/div>\n\t\t\t\t\t\t\t\t\t\t\t<div class=\"spectra-image-gallery__media-thumbnail-caption-wrapper spectra-image-gallery__media-thumbnail-caption-wrapper--overlay\"><\/div>\n\t\t\t\t\t\t\t\t<\/div>\n\t\t\t\t\t\t<\/div>\n\t\t\t\t\t\t<\/div>\n\t\t\t\t\t\t<div class='spectra-image-gallery__media-wrapper--isotope'>\n\t\t\t\t\t\t\t<div class='spectra-image-gallery__media-wrapper' data-spectra-gallery-image-id='6061' tabindex=\"0\">\n\t\t\t\t\t\t\t<div class=\"spectra-image-gallery__media spectra-image-gallery__media--masonry\">\n\t\t\t\t<picture>\n\t\t\t\t\t<source media=\"(min-width: 1024px)\" srcset=\"https:\/\/www.couven-gymnasium.de\/wordpress2\/wp-content\/uploads\/2025\/10\/2025_Digitale-Schule_Gruppenfoto_Gesamt_Homepage-1024x681.jpg\">\n\t\t\t\t\t<source media=\"(min-width: 768px)\" srcset=\"https:\/\/www.couven-gymnasium.de\/wordpress2\/wp-content\/uploads\/2025\/10\/2025_Digitale-Schule_Gruppenfoto_Gesamt_Homepage-1024x681.jpg\">\n\t\t\t\t\t<img decoding=\"async\" class=\"spectra-image-gallery__media-thumbnail spectra-image-gallery__media-thumbnail--masonry\" src=\"https:\/\/www.couven-gymnasium.de\/wordpress2\/wp-content\/uploads\/2025\/10\/2025_Digitale-Schule_Gruppenfoto_Gesamt_Homepage-300x200.jpg\" alt=\"\" loading=\"lazy\" \/>\n\t\t\t\t<\/picture>\n\t\t\t\t<div class=\"spectra-image-gallery__media-thumbnail-blurrer\"><\/div>\n\t\t\t\t\t\t\t\t\t\t\t<div class=\"spectra-image-gallery__media-thumbnail-caption-wrapper spectra-image-gallery__media-thumbnail-caption-wrapper--overlay\"><\/div>\n\t\t\t\t\t\t\t\t<\/div>\n\t\t\t\t\t\t<\/div>\n\t\t\t\t\t\t<\/div>\n\t\t\t\t\t\t<div class='spectra-image-gallery__media-wrapper--isotope'>\n\t\t\t\t\t\t\t<div class='spectra-image-gallery__media-wrapper' data-spectra-gallery-image-id='6053' tabindex=\"0\">\n\t\t\t\t\t\t\t<div class=\"spectra-image-gallery__media spectra-image-gallery__media--masonry\">\n\t\t\t\t<picture>\n\t\t\t\t\t<source media=\"(min-width: 1024px)\" srcset=\"https:\/\/www.couven-gymnasium.de\/wordpress2\/wp-content\/uploads\/2025\/10\/2025_Digitale-Schule_Gesing-1024x681.jpg\">\n\t\t\t\t\t<source media=\"(min-width: 768px)\" srcset=\"https:\/\/www.couven-gymnasium.de\/wordpress2\/wp-content\/uploads\/2025\/10\/2025_Digitale-Schule_Gesing-1024x681.jpg\">\n\t\t\t\t\t<img decoding=\"async\" class=\"spectra-image-gallery__media-thumbnail spectra-image-gallery__media-thumbnail--masonry\" src=\"https:\/\/www.couven-gymnasium.de\/wordpress2\/wp-content\/uploads\/2025\/10\/2025_Digitale-Schule_Gesing-300x200.jpg\" alt=\"\" loading=\"lazy\" \/>\n\t\t\t\t<\/picture>\n\t\t\t\t<div class=\"spectra-image-gallery__media-thumbnail-blurrer\"><\/div>\n\t\t\t\t\t\t\t\t\t\t\t<div class=\"spectra-image-gallery__media-thumbnail-caption-wrapper spectra-image-gallery__media-thumbnail-caption-wrapper--overlay\"><\/div>\n\t\t\t\t\t\t\t\t<\/div>\n\t\t\t\t\t\t<\/div>\n\t\t\t\t\t\t<\/div>\n\t\t\t\t\t\t<div class='spectra-image-gallery__media-wrapper--isotope'>\n\t\t\t\t\t\t\t<div class='spectra-image-gallery__media-wrapper' data-spectra-gallery-image-id='6056' tabindex=\"0\">\n\t\t\t\t\t\t\t<div class=\"spectra-image-gallery__media spectra-image-gallery__media--masonry\">\n\t\t\t\t<picture>\n\t\t\t\t\t<source media=\"(min-width: 1024px)\" srcset=\"https:\/\/www.couven-gymnasium.de\/wordpress2\/wp-content\/uploads\/2025\/10\/2025_Digitale-Schule_Roboter-1024x681.jpg\">\n\t\t\t\t\t<source media=\"(min-width: 768px)\" srcset=\"https:\/\/www.couven-gymnasium.de\/wordpress2\/wp-content\/uploads\/2025\/10\/2025_Digitale-Schule_Roboter-1024x681.jpg\">\n\t\t\t\t\t<img decoding=\"async\" class=\"spectra-image-gallery__media-thumbnail spectra-image-gallery__media-thumbnail--masonry\" src=\"https:\/\/www.couven-gymnasium.de\/wordpress2\/wp-content\/uploads\/2025\/10\/2025_Digitale-Schule_Roboter-300x200.jpg\" alt=\"\" loading=\"lazy\" \/>\n\t\t\t\t<\/picture>\n\t\t\t\t<div class=\"spectra-image-gallery__media-thumbnail-blurrer\"><\/div>\n\t\t\t\t\t\t\t\t\t\t\t<div class=\"spectra-image-gallery__media-thumbnail-caption-wrapper spectra-image-gallery__media-thumbnail-caption-wrapper--overlay\"><\/div>\n\t\t\t\t\t\t\t\t<\/div>\n\t\t\t\t\t\t<\/div>\n\t\t\t\t\t\t<\/div>\n\t\t\t\t\t\t<div class='spectra-image-gallery__media-wrapper--isotope'>\n\t\t\t\t\t\t\t<div class='spectra-image-gallery__media-wrapper' data-spectra-gallery-image-id='6055' tabindex=\"0\">\n\t\t\t\t\t\t\t<div class=\"spectra-image-gallery__media spectra-image-gallery__media--masonry\">\n\t\t\t\t<picture>\n\t\t\t\t\t<source media=\"(min-width: 1024px)\" srcset=\"https:\/\/www.couven-gymnasium.de\/wordpress2\/wp-content\/uploads\/2025\/10\/2025_Digitale-Schule_Publikum-1024x681.jpg\">\n\t\t\t\t\t<source media=\"(min-width: 768px)\" srcset=\"https:\/\/www.couven-gymnasium.de\/wordpress2\/wp-content\/uploads\/2025\/10\/2025_Digitale-Schule_Publikum-1024x681.jpg\">\n\t\t\t\t\t<img decoding=\"async\" class=\"spectra-image-gallery__media-thumbnail spectra-image-gallery__media-thumbnail--masonry\" src=\"https:\/\/www.couven-gymnasium.de\/wordpress2\/wp-content\/uploads\/2025\/10\/2025_Digitale-Schule_Publikum-300x200.jpg\" alt=\"\" loading=\"lazy\" \/>\n\t\t\t\t<\/picture>\n\t\t\t\t<div class=\"spectra-image-gallery__media-thumbnail-blurrer\"><\/div>\n\t\t\t\t\t\t\t\t\t\t\t<div class=\"spectra-image-gallery__media-thumbnail-caption-wrapper spectra-image-gallery__media-thumbnail-caption-wrapper--overlay\"><\/div>\n\t\t\t\t\t\t\t\t<\/div>\n\t\t\t\t\t\t<\/div>\n\t\t\t\t\t\t<\/div>\n\t\t\t\t\t\t\t\t\t\t<\/div>\n\t\t\t\t\t\t\t\t\t\t\t\t\t\t\t\t\t\t<\/div>\n\t\t\t\t\t\t\t\t\t\t\t<div class='spectra-image-gallery__control-lightbox' tabindex='0'>\n\t\t\t\t\t\t\t\t\t\t\t<div class=\"swiper spectra-image-gallery__control-lightbox--main\" dir=\"\">\n\t\t\t\t\t<div class=\"swiper-wrapper\">\n\t\t\t\t\t\t\t\t\t\t\t\t\t\n\t\t\t\t\t\t\t<div class=\"swiper-slide\">\n\t\t\t\t\t\t\t\t<img class=\"swiper-lazy\" data-src=\"https:\/\/www.couven-gymnasium.de\/wordpress2\/wp-content\/uploads\/2025\/10\/2025_Urkunde_Digitale_Schule.png\" alt=\"\"\/>\n\t\t\t\t\t\t\t\t<div class=\"swiper-lazy-preloader swiper-lazy-preloader-white\"><\/div>\n\t\t\t\t\t\t\t\t\t\t\t\t\t\t\t<\/div>\n\t\t\t\t\t\t\t\t\t\t\t\t\t\n\t\t\t\t\t\t\t<div class=\"swiper-slide\">\n\t\t\t\t\t\t\t\t<img class=\"swiper-lazy\" data-src=\"https:\/\/www.couven-gymnasium.de\/wordpress2\/wp-content\/uploads\/2025\/10\/2025_Urkunde_Mintfreundliche_Schule.png\" alt=\"\"\/>\n\t\t\t\t\t\t\t\t<div class=\"swiper-lazy-preloader swiper-lazy-preloader-white\"><\/div>\n\t\t\t\t\t\t\t\t\t\t\t\t\t\t\t<\/div>\n\t\t\t\t\t\t\t\t\t\t\t\t\t\n\t\t\t\t\t\t\t<div class=\"swiper-slide\">\n\t\t\t\t\t\t\t\t<img class=\"swiper-lazy\" data-src=\"https:\/\/www.couven-gymnasium.de\/wordpress2\/wp-content\/uploads\/2025\/10\/2025_Digitale-Schule_Gruppenfoto_Gesamt_Homepage-scaled.jpg\" alt=\"\"\/>\n\t\t\t\t\t\t\t\t<div class=\"swiper-lazy-preloader swiper-lazy-preloader-white\"><\/div>\n\t\t\t\t\t\t\t\t\t\t\t\t\t\t\t<\/div>\n\t\t\t\t\t\t\t\t\t\t\t\t\t\n\t\t\t\t\t\t\t<div class=\"swiper-slide\">\n\t\t\t\t\t\t\t\t<img class=\"swiper-lazy\" data-src=\"https:\/\/www.couven-gymnasium.de\/wordpress2\/wp-content\/uploads\/2025\/10\/2025_Digitale-Schule_Gesing-scaled.jpg\" alt=\"\"\/>\n\t\t\t\t\t\t\t\t<div class=\"swiper-lazy-preloader swiper-lazy-preloader-white\"><\/div>\n\t\t\t\t\t\t\t\t\t\t\t\t\t\t\t<\/div>\n\t\t\t\t\t\t\t\t\t\t\t\t\t\n\t\t\t\t\t\t\t<div class=\"swiper-slide\">\n\t\t\t\t\t\t\t\t<img class=\"swiper-lazy\" data-src=\"https:\/\/www.couven-gymnasium.de\/wordpress2\/wp-content\/uploads\/2025\/10\/2025_Digitale-Schule_Roboter-scaled.jpg\" alt=\"\"\/>\n\t\t\t\t\t\t\t\t<div class=\"swiper-lazy-preloader swiper-lazy-preloader-white\"><\/div>\n\t\t\t\t\t\t\t\t\t\t\t\t\t\t\t<\/div>\n\t\t\t\t\t\t\t\t\t\t\t\t\t\n\t\t\t\t\t\t\t<div class=\"swiper-slide\">\n\t\t\t\t\t\t\t\t<img class=\"swiper-lazy\" data-src=\"https:\/\/www.couven-gymnasium.de\/wordpress2\/wp-content\/uploads\/2025\/10\/2025_Digitale-Schule_Publikum-scaled.jpg\" alt=\"\"\/>\n\t\t\t\t\t\t\t\t<div class=\"swiper-lazy-preloader swiper-lazy-preloader-white\"><\/div>\n\t\t\t\t\t\t\t\t\t\t\t\t\t\t\t<\/div>\n\t\t\t\t\t\t\t\t\t\t\t<\/div>\n\t\t\t\t\t<div class=\"swiper-button-next\"><\/div>\n\t\t\t\t\t<div class=\"swiper-button-prev\"><\/div>\n\t\t\t\t<\/div>\t\t\t\n\t\t\t\t\t\t\t\t\t\t\t\t\t\t\t\t\t\t\t\t\t\t\t\t\t\t\t\t\t\t\t\t<button class='spectra-image-gallery__control-lightbox--close' aria-label=\"Close\">\n\t\t\t\t\t\t\t\t\t\t\t\t\t<svg xmlns=\"https:\/\/www.w3.org\/2000\/svg\" viewBox= \"0 0 320 512\"><path d=\"M310.6 361.4c12.5 12.5 12.5 32.75 0 45.25C304.4 412.9 296.2 416 288 416s-16.38-3.125-22.62-9.375L160 301.3L54.63 406.6C48.38 412.9 40.19 416 32 416S15.63 412.9 9.375 406.6c-12.5-12.5-12.5-32.75 0-45.25l105.4-105.4L9.375 150.6c-12.5-12.5-12.5-32.75 0-45.25s32.75-12.5 45.25 0L160 210.8l105.4-105.4c12.5-12.5 32.75-12.5 45.25 0s12.5 32.75 0 45.25l-105.4 105.4L310.6 361.4z\"><\/path><\/svg>\n\t\t\t\t\t\t\t\t\t\t\t\t<\/button>\n\t\t\t\t\t\t\t\t\t\t\t\t\t<\/div>\n\t\t\t\t\t\t\t\t\t\n\n\n<p><em>\u00a9 Sergei Magel (HNF)<\/em><\/p>\n","protected":false},"featured_media":6051,"template":"","class_list":["post-6062","news","type-news","status-publish","has-post-thumbnail","hentry"],"acf":[],"uagb_featured_image_src":{"full":["https:\/\/www.couven-gymnasium.de\/wordpress2\/wp-content\/uploads\/2025\/10\/2025_Digitale-Schule_Gruppenfoto_Homepage-scaled.jpg",2560,1703,false],"thumbnail":["https:\/\/www.couven-gymnasium.de\/wordpress2\/wp-content\/uploads\/2025\/10\/2025_Digitale-Schule_Gruppenfoto_Homepage-150x150.jpg",150,150,true],"medium":["https:\/\/www.couven-gymnasium.de\/wordpress2\/wp-content\/uploads\/2025\/10\/2025_Digitale-Schule_Gruppenfoto_Homepage-300x200.jpg",300,200,true],"medium_large":["https:\/\/www.couven-gymnasium.de\/wordpress2\/wp-content\/uploads\/2025\/10\/2025_Digitale-Schule_Gruppenfoto_Homepage-768x511.jpg",768,511,true],"large":["https:\/\/www.couven-gymnasium.de\/wordpress2\/wp-content\/uploads\/2025\/10\/2025_Digitale-Schule_Gruppenfoto_Homepage-1024x681.jpg",800,532,true],"1536x1536":["https:\/\/www.couven-gymnasium.de\/wordpress2\/wp-content\/uploads\/2025\/10\/2025_Digitale-Schule_Gruppenfoto_Homepage-1536x1022.jpg",1536,1022,true],"2048x2048":["https:\/\/www.couven-gymnasium.de\/wordpress2\/wp-content\/uploads\/2025\/10\/2025_Digitale-Schule_Gruppenfoto_Homepage-2048x1363.jpg",2048,1363,true]},"uagb_author_info":{"display_name":"couvenlehrer-editor","author_link":"https:\/\/www.couven-gymnasium.de\/wordpress2\/author\/"},"uagb_comment_info":0,"uagb_excerpt":"Im Rahmen einer landesweiten Ehrungsveranstaltung im Heinz Nixdorf MuseumsForum in Paderborn wurde das Couven Gymnasium im September 2025 erstmals als \u201eDigitale Schule\u201c ausgezeichnet. Diese Auszeichnung w\u00fcrdigt Schulen, die sich durch [&hellip;]","publishpress_future_workflow_manual_trigger":{"enabledWorkflows":[]},"_links":{"self":[{"href":"https:\/\/www.couven-gymnasium.de\/wordpress2\/wp-json\/wp\/v2\/news\/6062","targetHints":{"allow":["GET"]}}],"collection":[{"href":"https:\/\/www.couven-gymnasium.de\/wordpress2\/wp-json\/wp\/v2\/news"}],"about":[{"href":"https:\/\/www.couven-gymnasium.de\/wordpress2\/wp-json\/wp\/v2\/types\/news"}],"wp:featuredmedia":[{"embeddable":true,"href":"https:\/\/www.couven-gymnasium.de\/wordpress2\/wp-json\/wp\/v2\/media\/6051"}],"wp:attachment":[{"href":"https:\/\/www.couven-gymnasium.de\/wordpress2\/wp-json\/wp\/v2\/media?parent=6062"}],"curies":[{"name":"wp","href":"https:\/\/api.w.org\/{rel}","templated":true}]}}